{"id":703,"date":"2026-02-20T16:54:49","date_gmt":"2026-02-20T15:54:49","guid":{"rendered":"https:\/\/www.seniorenheime-unterallgaeu.de\/babenhausen\/?p=703"},"modified":"2026-02-20T16:58:27","modified_gmt":"2026-02-20T15:58:27","slug":"seniorinnen-und-senioren-lassen-den-fasching-mit-guter-laune-ausklingen","status":"publish","type":"post","link":"https:\/\/www.seniorenheime-unterallgaeu.de\/babenhausen\/blog\/seniorinnen-und-senioren-lassen-den-fasching-mit-guter-laune-ausklingen\/","title":{"rendered":"Seniorinnen und Senioren lassen den Fasching mit guter Laune ausklingen"},"content":{"rendered":"<p>[et_pb_section fb_built=&#8220;1&#8243; _builder_version=&#8220;4.27.5&#8243; _module_preset=&#8220;default&#8220; global_colors_info=&#8220;{}&#8220;][et_pb_row _builder_version=&#8220;4.27.5&#8243; _module_preset=&#8220;default&#8220; global_colors_info=&#8220;{}&#8220;][et_pb_column type=&#8220;4_4&#8243; _builder_version=&#8220;4.27.5&#8243; _module_preset=&#8220;default&#8220; global_colors_info=&#8220;{}&#8220;][et_pb_text _builder_version=&#8220;4.27.5&#8243; _module_preset=&#8220;default&#8220; text_font_size=&#8220;18px&#8220; hover_enabled=&#8220;0&#8243; global_colors_info=&#8220;{}&#8220; sticky_enabled=&#8220;0&#8243;]<\/p>\n<p><a name=\"OLE_LINK2\"><\/a><\/p>\n<p style=\"font-weight: 400;\"><span>Gut gelaunt <\/span><span>lie\u00dfen die<\/span><span> Bewohnerinnen und Bewohner des Kreis-Seniorenwohnheims St. Andreas in Babenhausen den Fasching<\/span><span> ausklingen<\/span><span>. Am Faschingsdienstag wurde kr\u00e4ftig gefeiert, mit Krapfen, Schmalzgeb\u00e4ck und Eierlik\u00f6r. Josef <\/span><span>Oehl<\/span><span> und Edmund Gauder gaben alte Faschingsschlager wie <\/span><span>\u201e<\/span><span>Rucki Zucki<\/span><span>\u201c<\/span><span> <\/span><span>zum Besten, aber auch <\/span><span>aktuelle Faschingshits wie den Mitmach-Song &#8222;Gute Laune&#8220;.<\/span><\/p>\n<p>[\/et_pb_text][\/et_pb_column][\/et_pb_row][et_pb_row column_structure=&#8220;1_2,1_2&#8243; _builder_version=&#8220;4.27.5&#8243; _module_preset=&#8220;default&#8220; global_colors_info=&#8220;{}&#8220;][et_pb_column type=&#8220;1_2&#8243; _builder_version=&#8220;4.27.5&#8243; _module_preset=&#8220;default&#8220; global_colors_info=&#8220;{}&#8220;][et_pb_image src=&#8220;https:\/\/www.seniorenheime-unterallgaeu.de\/babenhausen\/wp-content\/uploads\/sites\/5\/2026\/02\/20260217_151814-scaled.jpg&#8220; title_text=&#8220;20260217_151814&#8243; _builder_version=&#8220;4.27.5&#8243; _module_preset=&#8220;default&#8220; hover_enabled=&#8220;0&#8243; global_colors_info=&#8220;{}&#8220; sticky_enabled=&#8220;0&#8243;][\/et_pb_image][\/et_pb_column][et_pb_column type=&#8220;1_2&#8243; _builder_version=&#8220;4.27.5&#8243; _module_preset=&#8220;default&#8220; global_colors_info=&#8220;{}&#8220;][et_pb_image src=&#8220;https:\/\/www.seniorenheime-unterallgaeu.de\/babenhausen\/wp-content\/uploads\/sites\/5\/2026\/02\/20260212_161118-scaled.jpg&#8220; title_text=&#8220;20260212_161118&#8243; _builder_version=&#8220;4.27.5&#8243; _module_preset=&#8220;default&#8220; hover_enabled=&#8220;0&#8243; global_colors_info=&#8220;{}&#8220; sticky_enabled=&#8220;0&#8243;][\/et_pb_image][\/et_pb_column][\/et_pb_row][et_pb_row _builder_version=&#8220;4.27.5&#8243; _module_preset=&#8220;default&#8220;][et_pb_column _builder_version=&#8220;4.27.5&#8243; _module_preset=&#8220;default&#8220; type=&#8220;4_4&#8243;][et_pb_image src=&#8220;https:\/\/www.seniorenheime-unterallgaeu.de\/babenhausen\/wp-content\/uploads\/sites\/5\/2026\/02\/20260217_154500-scaled.jpg&#8220; title_text=&#8220;20260217_154500&#8243; _builder_version=&#8220;4.27.5&#8243; _module_preset=&#8220;default&#8220; hover_enabled=&#8220;0&#8243; global_colors_info=&#8220;{}&#8220; sticky_enabled=&#8220;0&#8243;][\/et_pb_image][\/et_pb_column][\/et_pb_row][\/et_pb_section]<\/p>\n","protected":false},"excerpt":{"rendered":"<p>Gut gelaunt lie\u00dfen die Bewohnerinnen und Bewohner des Kreis-Seniorenwohnheims St. Andreas in Babenhausen den Fasching ausklingen. Am Faschingsdienstag wurde kr\u00e4ftig gefeiert, mit Krapfen, Schmalzgeb\u00e4ck und Eierlik\u00f6r. Josef Oehl und Edmund Gauder gaben alte Faschingsschlager wie \u201eRucki Zucki\u201c zum Besten, aber auch aktuelle Faschingshits wie den Mitmach-Song &#8222;Gute Laune&#8220;.<\/p>\n","protected":false},"author":1,"featured_media":0,"comment_status":"closed","ping_status":"closed","sticky":false,"template":"","format":"standard","meta":{"_et_pb_use_builder":"on","_et_pb_old_content":"","_et_gb_content_width":"1080","footnotes":""},"categories":[9],"tags":[],"class_list":["post-703","post","type-post","status-publish","format-standard","hentry","category-news"],"_links":{"self":[{"href":"https:\/\/www.seniorenheime-unterallgaeu.de\/babenhausen\/wp-json\/wp\/v2\/posts\/703","targetHints":{"allow":["GET"]}}],"collection":[{"href":"https:\/\/www.seniorenheime-unterallgaeu.de\/babenhausen\/wp-json\/wp\/v2\/posts"}],"about":[{"href":"https:\/\/www.seniorenheime-unterallgaeu.de\/babenhausen\/wp-json\/wp\/v2\/types\/post"}],"author":[{"embeddable":true,"href":"https:\/\/www.seniorenheime-unterallgaeu.de\/babenhausen\/wp-json\/wp\/v2\/users\/1"}],"replies":[{"embeddable":true,"href":"https:\/\/www.seniorenheime-unterallgaeu.de\/babenhausen\/wp-json\/wp\/v2\/comments?post=703"}],"version-history":[{"count":2,"href":"https:\/\/www.seniorenheime-unterallgaeu.de\/babenhausen\/wp-json\/wp\/v2\/posts\/703\/revisions"}],"predecessor-version":[{"id":709,"href":"https:\/\/www.seniorenheime-unterallgaeu.de\/babenhausen\/wp-json\/wp\/v2\/posts\/703\/revisions\/709"}],"wp:attachment":[{"href":"https:\/\/www.seniorenheime-unterallgaeu.de\/babenhausen\/wp-json\/wp\/v2\/media?parent=703"}],"wp:term":[{"taxonomy":"category","embeddable":true,"href":"https:\/\/www.seniorenheime-unterallgaeu.de\/babenhausen\/wp-json\/wp\/v2\/categories?post=703"},{"taxonomy":"post_tag","embeddable":true,"href":"https:\/\/www.seniorenheime-unterallgaeu.de\/babenhausen\/wp-json\/wp\/v2\/tags?post=703"}],"curies":[{"name":"wp","href":"https:\/\/api.w.org\/{rel}","templated":true}]}}