{"id":555,"date":"2025-12-19T20:21:20","date_gmt":"2025-12-19T19:21:20","guid":{"rendered":"https:\/\/www.seniorenheime-unterallgaeu.de\/bad-woerishofen\/?p=555"},"modified":"2025-12-19T20:21:21","modified_gmt":"2025-12-19T19:21:21","slug":"zuenftiges-maifest-im-kreis-seniorenwohnheim-am-anger","status":"publish","type":"post","link":"https:\/\/www.seniorenheime-unterallgaeu.de\/bad-woerishofen\/blog\/zuenftiges-maifest-im-kreis-seniorenwohnheim-am-anger\/","title":{"rendered":"Z\u00fcnftiges Maifest im Kreis-Seniorenwohnheim Am Anger"},"content":{"rendered":"\n[et_pb_section fb_built=&#8220;1&#8243; admin_label=&#8220;Header&#8220; _builder_version=&#8220;4.22.0&#8243; _module_preset=&#8220;default&#8220; locked=&#8220;off&#8220; collapsed=&#8220;on&#8220; global_colors_info=&#8220;{%22gcid-46e54cc2-2550-449e-a151-e85c3a835795%22:%91%22background_color%22%93}&#8220;][et_pb_row column_structure=&#8220;1_2,1_2&#8243; _builder_version=&#8220;4.27.5&#8243; _module_preset=&#8220;default&#8220; global_colors_info=&#8220;{}&#8220;][et_pb_column type=&#8220;1_2&#8243; _builder_version=&#8220;4.27.5&#8243; _module_preset=&#8220;default&#8220; global_colors_info=&#8220;{}&#8220;][et_pb_image src=&#8220;https:\/\/www.seniorenheime-unterallgaeu.de\/bad-woerishofen\/wp-content\/uploads\/sites\/6\/2025\/12\/2025-05-08-Maifeier2.jpg&#8220; title_text=&#8220;2025-05-08 Maifeier2&#8243; _builder_version=&#8220;4.27.5&#8243; _module_preset=&#8220;default&#8220; global_colors_info=&#8220;{}&#8220;][\/et_pb_image][\/et_pb_column][et_pb_column type=&#8220;1_2&#8243; _builder_version=&#8220;4.27.5&#8243; _module_preset=&#8220;default&#8220; global_colors_info=&#8220;{}&#8220;][et_pb_image src=&#8220;https:\/\/www.seniorenheime-unterallgaeu.de\/bad-woerishofen\/wp-content\/uploads\/sites\/6\/2025\/12\/2025-05-08-Maifeier-scaled.jpg&#8220; title_text=&#8220;2025-05-08 Maifeier&#8220; _builder_version=&#8220;4.27.5&#8243; _module_preset=&#8220;default&#8220; global_colors_info=&#8220;{}&#8220;][\/et_pb_image][\/et_pb_column][\/et_pb_row][et_pb_row _builder_version=&#8220;4.27.4&#8243; _module_preset=&#8220;default&#8220; global_colors_info=&#8220;{}&#8220;][et_pb_column type=&#8220;4_4&#8243; _builder_version=&#8220;4.27.4&#8243; _module_preset=&#8220;default&#8220; global_colors_info=&#8220;{}&#8220;][et_pb_text _builder_version=&#8220;4.27.5&#8243; _module_preset=&#8220;10eb8798-2e2f-4981-ae79-0a9df805aa4d&#8220; custom_padding=&#8220;||1px|||&#8220; global_colors_info=&#8220;{}&#8220;]<div><span>Mit Musik und einer z\u00fcnftigen Tanzeinlage des Trachtenvereins \u201eAlpenblick\u201c feierten die Pflegeg\u00e4ste des Kreis-Seniorenwohnheims Am Anger in Bad W\u00f6rishofen ihr Maifest. Sogar ein Maibaum wurde daf\u00fcr aufgestellt.<\/span><\/div>\n<div style=\"text-align: center;\"><\/div>[\/et_pb_text][\/et_pb_column][\/et_pb_row][\/et_pb_section][et_pb_section fb_built=&#8220;1&#8243; _builder_version=&#8220;4.27.4&#8243; _module_preset=&#8220;default&#8220; global_colors_info=&#8220;{}&#8220;][et_pb_row _builder_version=&#8220;4.27.4&#8243; _module_preset=&#8220;default&#8220; global_colors_info=&#8220;{}&#8220;][et_pb_column type=&#8220;4_4&#8243; _builder_version=&#8220;4.27.4&#8243; _module_preset=&#8220;default&#8220; global_colors_info=&#8220;{}&#8220;][et_pb_button button_url=&#8220;@ET-DC@eyJkeW5hbWljIjp0cnVlLCJjb250ZW50IjoicG9zdF9saW5rX3VybF9wYWdlIiwic2V0dGluZ3MiOnsicG9zdF9pZCI6IjMyMSJ9fQ==@&#8220; button_text=&#8220;Zur\u00fcck&#8220; _builder_version=&#8220;4.27.4&#8243; _dynamic_attributes=&#8220;button_url&#8220; _module_preset=&#8220;default&#8220; custom_button=&#8220;on&#8220; button_text_color=&#8220;gcid-body-color&#8220; global_colors_info=&#8220;{%22gcid-body-color%22:%91%22button_text_color%22%93}&#8220;][\/et_pb_button][\/et_pb_column][\/et_pb_row][\/et_pb_section][et_pb_section fb_built=&#8220;1&#8243; _builder_version=&#8220;4.27.5&#8243; _module_preset=&#8220;default&#8220; global_colors_info=&#8220;{}&#8220;][\/et_pb_section]\n","protected":false},"excerpt":{"rendered":"<p>Mit Musik und einer z\u00fcnftigen Tanzeinlage des Trachtenvereins \u201eAlpenblick\u201c feierten die Pflegeg\u00e4ste des Kreis-Seniorenwohnheims Am Anger in Bad W\u00f6rishofen ihr Maifest. Sogar ein Maibaum wurde daf\u00fcr aufgestellt.<\/p>\n","protected":false},"author":1,"featured_media":0,"comment_status":"closed","ping_status":"closed","sticky":false,"template":"","format":"standard","meta":{"_et_pb_use_builder":"on","_et_pb_old_content":"","_et_gb_content_width":"1080","footnotes":""},"categories":[9],"tags":[],"class_list":["post-555","post","type-post","status-publish","format-standard","hentry","category-news"],"_links":{"self":[{"href":"https:\/\/www.seniorenheime-unterallgaeu.de\/bad-woerishofen\/wp-json\/wp\/v2\/posts\/555","targetHints":{"allow":["GET"]}}],"collection":[{"href":"https:\/\/www.seniorenheime-unterallgaeu.de\/bad-woerishofen\/wp-json\/wp\/v2\/posts"}],"about":[{"href":"https:\/\/www.seniorenheime-unterallgaeu.de\/bad-woerishofen\/wp-json\/wp\/v2\/types\/post"}],"author":[{"embeddable":true,"href":"https:\/\/www.seniorenheime-unterallgaeu.de\/bad-woerishofen\/wp-json\/wp\/v2\/users\/1"}],"replies":[{"embeddable":true,"href":"https:\/\/www.seniorenheime-unterallgaeu.de\/bad-woerishofen\/wp-json\/wp\/v2\/comments?post=555"}],"version-history":[{"count":3,"href":"https:\/\/www.seniorenheime-unterallgaeu.de\/bad-woerishofen\/wp-json\/wp\/v2\/posts\/555\/revisions"}],"predecessor-version":[{"id":561,"href":"https:\/\/www.seniorenheime-unterallgaeu.de\/bad-woerishofen\/wp-json\/wp\/v2\/posts\/555\/revisions\/561"}],"wp:attachment":[{"href":"https:\/\/www.seniorenheime-unterallgaeu.de\/bad-woerishofen\/wp-json\/wp\/v2\/media?parent=555"}],"wp:term":[{"taxonomy":"category","embeddable":true,"href":"https:\/\/www.seniorenheime-unterallgaeu.de\/bad-woerishofen\/wp-json\/wp\/v2\/categories?post=555"},{"taxonomy":"post_tag","embeddable":true,"href":"https:\/\/www.seniorenheime-unterallgaeu.de\/bad-woerishofen\/wp-json\/wp\/v2\/tags?post=555"}],"curies":[{"name":"wp","href":"https:\/\/api.w.org\/{rel}","templated":true}]}}