{"id":583,"date":"2025-12-19T20:29:55","date_gmt":"2025-12-19T19:29:55","guid":{"rendered":"https:\/\/www.seniorenheime-unterallgaeu.de\/bad-woerishofen\/?p=583"},"modified":"2025-12-19T20:30:59","modified_gmt":"2025-12-19T19:30:59","slug":"nikolaus-beschenkt-jung-und-alt","status":"publish","type":"post","link":"https:\/\/www.seniorenheime-unterallgaeu.de\/bad-woerishofen\/blog\/nikolaus-beschenkt-jung-und-alt\/","title":{"rendered":"Nikolaus beschenkt Jung und Alt"},"content":{"rendered":"<p>[et_pb_section fb_built=&#8220;1&#8243; admin_label=&#8220;Header&#8220; _builder_version=&#8220;4.22.0&#8243; _module_preset=&#8220;default&#8220; locked=&#8220;off&#8220; collapsed=&#8220;on&#8220; global_colors_info=&#8220;{%22gcid-46e54cc2-2550-449e-a151-e85c3a835795%22:%91%22background_color%22%93}&#8220;][et_pb_row column_structure=&#8220;1_2,1_2&#8243; _builder_version=&#8220;4.27.5&#8243; _module_preset=&#8220;default&#8220; global_colors_info=&#8220;{}&#8220;][et_pb_column type=&#8220;1_2&#8243; _builder_version=&#8220;4.27.5&#8243; _module_preset=&#8220;default&#8220; global_colors_info=&#8220;{}&#8220;][et_pb_image src=&#8220;https:\/\/www.seniorenheime-unterallgaeu.de\/bad-woerishofen\/wp-content\/uploads\/sites\/6\/2025\/12\/2025-12-11-Nikolaus_Am-Anger-scaled.jpg&#8220; title_text=&#8220;2025-12-11 Nikolaus_Am Anger&#8220; _builder_version=&#8220;4.27.5&#8243; _module_preset=&#8220;default&#8220; hover_enabled=&#8220;0&#8243; global_colors_info=&#8220;{}&#8220; sticky_enabled=&#8220;0&#8243;][\/et_pb_image][\/et_pb_column][et_pb_column type=&#8220;1_2&#8243; _builder_version=&#8220;4.27.5&#8243; _module_preset=&#8220;default&#8220; global_colors_info=&#8220;{}&#8220;][et_pb_image src=&#8220;https:\/\/www.seniorenheime-unterallgaeu.de\/bad-woerishofen\/wp-content\/uploads\/sites\/6\/2025\/12\/2025-12-11-Nikolaus_Am_Anger_Kinder.jpg&#8220; title_text=&#8220;2025-12-11 Nikolaus_Am_Anger_Kinder&#8220; _builder_version=&#8220;4.27.5&#8243; _module_preset=&#8220;default&#8220; hover_enabled=&#8220;0&#8243; global_colors_info=&#8220;{}&#8220; sticky_enabled=&#8220;0&#8243;][\/et_pb_image][\/et_pb_column][\/et_pb_row][et_pb_row _builder_version=&#8220;4.27.4&#8243; _module_preset=&#8220;default&#8220; global_colors_info=&#8220;{}&#8220;][et_pb_column type=&#8220;4_4&#8243; _builder_version=&#8220;4.27.4&#8243; _module_preset=&#8220;default&#8220; global_colors_info=&#8220;{}&#8220;][et_pb_text _builder_version=&#8220;4.27.5&#8243; _module_preset=&#8220;10eb8798-2e2f-4981-ae79-0a9df805aa4d&#8220; custom_padding=&#8220;||1px|||&#8220; hover_enabled=&#8220;0&#8243; global_colors_info=&#8220;{}&#8220; sticky_enabled=&#8220;0&#8243;]<\/p>\n<div style=\"text-align: center;\">\n<div style=\"text-align: left;\"><span>Die Kinder der Kindertagesst\u00e4tte St. Anna in Bad W\u00f6rishofen besuchten k\u00fcrzlich die Seniorinnen und Senioren im Kreis-Seniorenwohnheim Am Anger. Gemeinsam sangen sie Weihnachtslieder. Die Aufregung bei Jung und Alt war gro\u00df, als dann auch noch der Nikolaus vorbeikam. Und der hatte f\u00fcr alle ein kleines Geschenk dabei, n\u00e4mlich einen Nikolaus aus Schokolade.<\/span><\/div>\n<\/div>\n<p>[\/et_pb_text][\/et_pb_column][\/et_pb_row][\/et_pb_section][et_pb_section fb_built=&#8220;1&#8243; _builder_version=&#8220;4.27.4&#8243; _module_preset=&#8220;default&#8220; global_colors_info=&#8220;{}&#8220;][et_pb_row _builder_version=&#8220;4.27.4&#8243; _module_preset=&#8220;default&#8220; global_colors_info=&#8220;{}&#8220;][et_pb_column type=&#8220;4_4&#8243; _builder_version=&#8220;4.27.4&#8243; _module_preset=&#8220;default&#8220; global_colors_info=&#8220;{}&#8220;][et_pb_button button_url=&#8220;@ET-DC@eyJkeW5hbWljIjp0cnVlLCJjb250ZW50IjoicG9zdF9saW5rX3VybF9wYWdlIiwic2V0dGluZ3MiOnsicG9zdF9pZCI6IjMyMSJ9fQ==@&#8220; button_text=&#8220;Zur\u00fcck&#8220; _builder_version=&#8220;4.27.4&#8243; _dynamic_attributes=&#8220;button_url&#8220; _module_preset=&#8220;default&#8220; custom_button=&#8220;on&#8220; button_text_color=&#8220;gcid-body-color&#8220; global_colors_info=&#8220;{%22gcid-body-color%22:%91%22button_text_color%22%93}&#8220;][\/et_pb_button][\/et_pb_column][\/et_pb_row][\/et_pb_section][et_pb_section fb_built=&#8220;1&#8243; _builder_version=&#8220;4.27.5&#8243; _module_preset=&#8220;default&#8220; global_colors_info=&#8220;{}&#8220;][\/et_pb_section]<\/p>\n","protected":false},"excerpt":{"rendered":"<p>Die Kinder der Kindertagesst\u00e4tte St. Anna in Bad W\u00f6rishofen besuchten k\u00fcrzlich die Seniorinnen und Senioren im Kreis-Seniorenwohnheim Am Anger. Gemeinsam sangen sie Weihnachtslieder. Die Aufregung bei Jung und Alt war gro\u00df, als dann auch noch der Nikolaus vorbeikam. Und der hatte f\u00fcr alle ein kleines Geschenk dabei, n\u00e4mlich einen Nikolaus aus Schokolade.<\/p>\n","protected":false},"author":1,"featured_media":0,"comment_status":"closed","ping_status":"closed","sticky":false,"template":"","format":"standard","meta":{"_et_pb_use_builder":"on","_et_pb_old_content":"","_et_gb_content_width":"1080","footnotes":""},"categories":[9],"tags":[],"class_list":["post-583","post","type-post","status-publish","format-standard","hentry","category-news"],"_links":{"self":[{"href":"https:\/\/www.seniorenheime-unterallgaeu.de\/bad-woerishofen\/wp-json\/wp\/v2\/posts\/583","targetHints":{"allow":["GET"]}}],"collection":[{"href":"https:\/\/www.seniorenheime-unterallgaeu.de\/bad-woerishofen\/wp-json\/wp\/v2\/posts"}],"about":[{"href":"https:\/\/www.seniorenheime-unterallgaeu.de\/bad-woerishofen\/wp-json\/wp\/v2\/types\/post"}],"author":[{"embeddable":true,"href":"https:\/\/www.seniorenheime-unterallgaeu.de\/bad-woerishofen\/wp-json\/wp\/v2\/users\/1"}],"replies":[{"embeddable":true,"href":"https:\/\/www.seniorenheime-unterallgaeu.de\/bad-woerishofen\/wp-json\/wp\/v2\/comments?post=583"}],"version-history":[{"count":2,"href":"https:\/\/www.seniorenheime-unterallgaeu.de\/bad-woerishofen\/wp-json\/wp\/v2\/posts\/583\/revisions"}],"predecessor-version":[{"id":588,"href":"https:\/\/www.seniorenheime-unterallgaeu.de\/bad-woerishofen\/wp-json\/wp\/v2\/posts\/583\/revisions\/588"}],"wp:attachment":[{"href":"https:\/\/www.seniorenheime-unterallgaeu.de\/bad-woerishofen\/wp-json\/wp\/v2\/media?parent=583"}],"wp:term":[{"taxonomy":"category","embeddable":true,"href":"https:\/\/www.seniorenheime-unterallgaeu.de\/bad-woerishofen\/wp-json\/wp\/v2\/categories?post=583"},{"taxonomy":"post_tag","embeddable":true,"href":"https:\/\/www.seniorenheime-unterallgaeu.de\/bad-woerishofen\/wp-json\/wp\/v2\/tags?post=583"}],"curies":[{"name":"wp","href":"https:\/\/api.w.org\/{rel}","templated":true}]}}