{"id":637,"date":"2026-02-06T20:15:40","date_gmt":"2026-02-06T19:15:40","guid":{"rendered":"https:\/\/www.seniorenheime-unterallgaeu.de\/bad-woerishofen\/?p=637"},"modified":"2026-02-10T10:29:04","modified_gmt":"2026-02-10T09:29:04","slug":"jazz-dance-gruppe-begeistert-im-kreis-seniorenwohnheim-bad-woerishofen","status":"publish","type":"post","link":"https:\/\/www.seniorenheime-unterallgaeu.de\/bad-woerishofen\/blog\/jazz-dance-gruppe-begeistert-im-kreis-seniorenwohnheim-bad-woerishofen\/","title":{"rendered":"Jazz-Dance-Gruppe begeistert im Kreis-Seniorenwohnheim Bad W\u00f6rishofen"},"content":{"rendered":"<p>[et_pb_section fb_built=&#8220;1&#8243; admin_label=&#8220;Header&#8220; _builder_version=&#8220;4.22.0&#8243; _module_preset=&#8220;default&#8220; locked=&#8220;off&#8220; collapsed=&#8220;on&#8220; global_colors_info=&#8220;{%22gcid-46e54cc2-2550-449e-a151-e85c3a835795%22:%91%22background_color%22%93}&#8220;][et_pb_row _builder_version=&#8220;4.27.4&#8243; _module_preset=&#8220;default&#8220; global_colors_info=&#8220;{}&#8220;][et_pb_column type=&#8220;4_4&#8243; _builder_version=&#8220;4.27.4&#8243; _module_preset=&#8220;default&#8220; global_colors_info=&#8220;{}&#8220;][et_pb_text _builder_version=&#8220;4.27.5&#8243; _module_preset=&#8220;10eb8798-2e2f-4981-ae79-0a9df805aa4d&#8220; custom_padding=&#8220;||1px|||&#8220; global_colors_info=&#8220;{}&#8220;]<\/p>\n<div style=\"text-align: center;\">\n<div style=\"text-align: left;\">\n<div>\n<div><span>Viel Applaus erntete die Jazz-Dance-Gruppe des Stamm-Kneipp-Vereins Bad W\u00f6rishofen bei ihrem Auftritt im Kreis-Seniorenwohnheim Am Anger. Rund 30 Kinder begeisterten die Senioren mit ihrem K\u00f6nnen und sorgten f\u00fcr eine fr\u00f6hliche Atmosph\u00e4re. Die Bewohner klatschten flei\u00dfig mit und selbst Zugabe-Rufe blieben nicht aus. Einrichtungsleiter Rico Thumeyer bedankte sich f\u00fcr die beeindruckende Performance. Schon heute freue er sich auf ein Wiedersehen mit den jungen Talenten beim Sommerfest im Mai.<\/span><\/div>\n<\/div>\n<\/div>\n<\/div>\n<p>[\/et_pb_text][\/et_pb_column][\/et_pb_row][et_pb_row _builder_version=&#8220;4.27.5&#8243; _module_preset=&#8220;default&#8220; global_colors_info=&#8220;{}&#8220;][et_pb_column type=&#8220;4_4&#8243; _builder_version=&#8220;4.27.5&#8243; _module_preset=&#8220;default&#8220; global_colors_info=&#8220;{}&#8220;][et_pb_image src=&#8220;https:\/\/www.seniorenheime-unterallgaeu.de\/bad-woerishofen\/wp-content\/uploads\/sites\/6\/2026\/02\/20260130_153722.jpg&#8220; title_text=&#8220;20260130_153722&#8243; _builder_version=&#8220;4.27.5&#8243; _module_preset=&#8220;default&#8220; hover_enabled=&#8220;0&#8243; global_colors_info=&#8220;{}&#8220; sticky_enabled=&#8220;0&#8243;][\/et_pb_image][\/et_pb_column][\/et_pb_row][\/et_pb_section][et_pb_section fb_built=&#8220;1&#8243; _builder_version=&#8220;4.27.4&#8243; _module_preset=&#8220;default&#8220; global_colors_info=&#8220;{}&#8220;][et_pb_row _builder_version=&#8220;4.27.4&#8243; _module_preset=&#8220;default&#8220; global_colors_info=&#8220;{}&#8220;][et_pb_column type=&#8220;4_4&#8243; _builder_version=&#8220;4.27.4&#8243; _module_preset=&#8220;default&#8220; global_colors_info=&#8220;{}&#8220;][et_pb_button button_url=&#8220;@ET-DC@eyJkeW5hbWljIjp0cnVlLCJjb250ZW50IjoicG9zdF9saW5rX3VybF9wYWdlIiwic2V0dGluZ3MiOnsicG9zdF9pZCI6IjMyMSJ9fQ==@&#8220; button_text=&#8220;Zur\u00fcck&#8220; _builder_version=&#8220;4.27.4&#8243; _dynamic_attributes=&#8220;button_url&#8220; _module_preset=&#8220;default&#8220; custom_button=&#8220;on&#8220; button_text_color=&#8220;gcid-body-color&#8220; global_colors_info=&#8220;{%22gcid-body-color%22:%91%22button_text_color%22%93}&#8220;][\/et_pb_button][\/et_pb_column][\/et_pb_row][\/et_pb_section][et_pb_section fb_built=&#8220;1&#8243; _builder_version=&#8220;4.27.5&#8243; _module_preset=&#8220;default&#8220; global_colors_info=&#8220;{}&#8220;][\/et_pb_section]<\/p>\n","protected":false},"excerpt":{"rendered":"<p>Viel Applaus erntete die Jazz-Dance-Gruppe des Stamm-Kneipp-Vereins Bad W\u00f6rishofen bei ihrem Auftritt im Kreis-Seniorenwohnheim Am Anger. Rund 30 Kinder begeisterten die Senioren mit ihrem K\u00f6nnen und sorgten f\u00fcr eine fr\u00f6hliche Atmosph\u00e4re. Die Bewohner klatschten flei\u00dfig mit und selbst Zugabe-Rufe blieben nicht aus. Einrichtungsleiter Rico Thumeyer bedankte sich f\u00fcr die beeindruckende Performance. Schon heute freue er [&hellip;]<\/p>\n","protected":false},"author":1,"featured_media":0,"comment_status":"closed","ping_status":"closed","sticky":false,"template":"","format":"standard","meta":{"_et_pb_use_builder":"on","_et_pb_old_content":"","_et_gb_content_width":"1080","footnotes":""},"categories":[9],"tags":[],"class_list":["post-637","post","type-post","status-publish","format-standard","hentry","category-news"],"_links":{"self":[{"href":"https:\/\/www.seniorenheime-unterallgaeu.de\/bad-woerishofen\/wp-json\/wp\/v2\/posts\/637","targetHints":{"allow":["GET"]}}],"collection":[{"href":"https:\/\/www.seniorenheime-unterallgaeu.de\/bad-woerishofen\/wp-json\/wp\/v2\/posts"}],"about":[{"href":"https:\/\/www.seniorenheime-unterallgaeu.de\/bad-woerishofen\/wp-json\/wp\/v2\/types\/post"}],"author":[{"embeddable":true,"href":"https:\/\/www.seniorenheime-unterallgaeu.de\/bad-woerishofen\/wp-json\/wp\/v2\/users\/1"}],"replies":[{"embeddable":true,"href":"https:\/\/www.seniorenheime-unterallgaeu.de\/bad-woerishofen\/wp-json\/wp\/v2\/comments?post=637"}],"version-history":[{"count":2,"href":"https:\/\/www.seniorenheime-unterallgaeu.de\/bad-woerishofen\/wp-json\/wp\/v2\/posts\/637\/revisions"}],"predecessor-version":[{"id":641,"href":"https:\/\/www.seniorenheime-unterallgaeu.de\/bad-woerishofen\/wp-json\/wp\/v2\/posts\/637\/revisions\/641"}],"wp:attachment":[{"href":"https:\/\/www.seniorenheime-unterallgaeu.de\/bad-woerishofen\/wp-json\/wp\/v2\/media?parent=637"}],"wp:term":[{"taxonomy":"category","embeddable":true,"href":"https:\/\/www.seniorenheime-unterallgaeu.de\/bad-woerishofen\/wp-json\/wp\/v2\/categories?post=637"},{"taxonomy":"post_tag","embeddable":true,"href":"https:\/\/www.seniorenheime-unterallgaeu.de\/bad-woerishofen\/wp-json\/wp\/v2\/tags?post=637"}],"curies":[{"name":"wp","href":"https:\/\/api.w.org\/{rel}","templated":true}]}}