{"id":662,"date":"2026-02-16T18:53:53","date_gmt":"2026-02-16T17:53:53","guid":{"rendered":"https:\/\/www.seniorenheime-unterallgaeu.de\/bad-woerishofen\/?p=662"},"modified":"2026-02-16T18:55:51","modified_gmt":"2026-02-16T17:55:51","slug":"100-geburtstag-von-rosina-endmann","status":"publish","type":"post","link":"https:\/\/www.seniorenheime-unterallgaeu.de\/bad-woerishofen\/blog\/100-geburtstag-von-rosina-endmann\/","title":{"rendered":"100. Geburtstag von Rosina Endmann"},"content":{"rendered":"<p>[et_pb_section fb_built=&#8220;1&#8243; admin_label=&#8220;Header&#8220; _builder_version=&#8220;4.22.0&#8243; _module_preset=&#8220;default&#8220; locked=&#8220;off&#8220; collapsed=&#8220;on&#8220; global_colors_info=&#8220;{%22gcid-46e54cc2-2550-449e-a151-e85c3a835795%22:%91%22background_color%22%93}&#8220;][et_pb_row _builder_version=&#8220;4.27.4&#8243; _module_preset=&#8220;default&#8220; global_colors_info=&#8220;{}&#8220;][et_pb_column type=&#8220;4_4&#8243; _builder_version=&#8220;4.27.4&#8243; _module_preset=&#8220;default&#8220; global_colors_info=&#8220;{}&#8220;][et_pb_text _builder_version=&#8220;4.27.5&#8243; _module_preset=&#8220;10eb8798-2e2f-4981-ae79-0a9df805aa4d&#8220; custom_padding=&#8220;||1px|||&#8220; hover_enabled=&#8220;0&#8243; global_colors_info=&#8220;{}&#8220; sticky_enabled=&#8220;0&#8243;]<\/p>\n<div style=\"text-align: center;\">\n<div style=\"text-align: left;\">\n<p class=\"id-StoryElement-leadText\">Ein ganz besonderer Ehrentag wurde am Montag vergangener Woche im Kreiswohnheim Seniorenstift Am Anger gefeiert: Rosina Endmann wurde 100 Jahre alt und ist damit die \u00e4lteste Bewohnerin der Einrichtung.<\/p>\n<p class=\"id-StoryElement-paragraph\">Bad W\u00f6rishofen \u2013 Dieses au\u00dfergew\u00f6hnliche Jubil\u00e4um lie\u00dfen sich Einrichtungsleiter Rico Thumeyer und B\u00fcrgermeister Stefan Welzel nicht entgehen und \u00fcberbrachten der Jubilarin pers\u00f6nlich ihre Gl\u00fcckw\u00fcnsche.<\/p>\n<p class=\"id-StoryElement-paragraph\">Geboren wurde sie am 2. Februar 1926 als Rosina Maria Mayr in Stockheim, wo sie auch aufwuchs. Am 7. Mai 1948 heiratete sie Fritz Endmann aus R\u00f6hrsdorf in Sachsen. Das Paar feierte 1998 goldene Hochzeit, bereits 2007 verstarb ihr Ehemann.<\/p>\n<p class=\"id-StoryElement-paragraph\">Zun\u00e4chst lebte und arbeitete das Ehepaar in Stockheim, bevor es aus beruflichen Gr\u00fcnden nach Augsburg zog. Dort war Rosina Endmann bis zu ihrem Eintritt in den Ruhestand in einer Buchbinderei t\u00e4tig. Rund 30 Jahre verbrachte sie in der Fuggerstadt. Neben der Arbeit fand sie Erf\u00fcllung in ihrem Schrebergarten und im Volkschor G\u00f6ggingen \u2013 als begnadete S\u00e4ngerin war Musik stets ein wichtiger Teil ihres Lebens.<\/p>\n<p class=\"id-StoryElement-paragraph\">Mitte der 1980er Jahre kehrte sie nach Bad W\u00f6rishofen zur\u00fcck, um wieder n\u00e4her bei Familie und Verwandtschaft zu sein. Bekannt ist Rosina Endmann f\u00fcr ihre Disziplin und ihren aktiven Lebensstil. Sie ist eine echte Fr\u00fchaufsteherin \u2013 ganz ohne Wecker. Nach ihrer R\u00fcckkehr in die Kneippstadt schwamm sie bis zur Schlie\u00dfung des Hallenbads t\u00e4glich mindestens eine Stunde, im Sommer im Freibad, im Winter im Hallenbad. Danach hielt sie sich mit Gymnastik in Gruppen des Kneippbundes und der Volkshochschule fit. Vor allem aber ist sie ein ausgesprochener Familienmensch, der Geselligkeit liebt und gerne Feste feiert.<\/p>\n<p class=\"id-StoryElement-paragraph\">\n<\/div>\n<\/div>\n<p>[\/et_pb_text][\/et_pb_column][\/et_pb_row][et_pb_row _builder_version=&#8220;4.27.5&#8243; _module_preset=&#8220;default&#8220; global_colors_info=&#8220;{}&#8220;][et_pb_column type=&#8220;4_4&#8243; _builder_version=&#8220;4.27.5&#8243; _module_preset=&#8220;default&#8220; global_colors_info=&#8220;{}&#8220;][et_pb_image src=&#8220;https:\/\/www.seniorenheime-unterallgaeu.de\/bad-woerishofen\/wp-content\/uploads\/sites\/6\/2026\/02\/img1228jpg.webp&#8220; title_text=&#8220;img1228jpg&#8220; _builder_version=&#8220;4.27.5&#8243; _module_preset=&#8220;default&#8220; hover_enabled=&#8220;0&#8243; global_colors_info=&#8220;{}&#8220; sticky_enabled=&#8220;0&#8243;][\/et_pb_image][\/et_pb_column][\/et_pb_row][\/et_pb_section][et_pb_section fb_built=&#8220;1&#8243; _builder_version=&#8220;4.27.4&#8243; _module_preset=&#8220;default&#8220; global_colors_info=&#8220;{}&#8220;][et_pb_row _builder_version=&#8220;4.27.4&#8243; _module_preset=&#8220;default&#8220; global_colors_info=&#8220;{}&#8220;][et_pb_column type=&#8220;4_4&#8243; _builder_version=&#8220;4.27.4&#8243; _module_preset=&#8220;default&#8220; global_colors_info=&#8220;{}&#8220;][et_pb_button button_url=&#8220;@ET-DC@eyJkeW5hbWljIjp0cnVlLCJjb250ZW50IjoicG9zdF9saW5rX3VybF9wYWdlIiwic2V0dGluZ3MiOnsicG9zdF9pZCI6IjMyMSJ9fQ==@&#8220; button_text=&#8220;Zur\u00fcck&#8220; _builder_version=&#8220;4.27.4&#8243; _dynamic_attributes=&#8220;button_url&#8220; _module_preset=&#8220;default&#8220; custom_button=&#8220;on&#8220; button_text_color=&#8220;gcid-body-color&#8220; global_colors_info=&#8220;{%22gcid-body-color%22:%91%22button_text_color%22%93}&#8220;][\/et_pb_button][\/et_pb_column][\/et_pb_row][\/et_pb_section][et_pb_section fb_built=&#8220;1&#8243; _builder_version=&#8220;4.27.5&#8243; _module_preset=&#8220;default&#8220; global_colors_info=&#8220;{}&#8220;][\/et_pb_section]<\/p>\n","protected":false},"excerpt":{"rendered":"<p>Ein ganz besonderer Ehrentag wurde am Montag vergangener Woche im Kreiswohnheim Seniorenstift Am Anger gefeiert: Rosina Endmann wurde 100 Jahre alt und ist damit die \u00e4lteste Bewohnerin der Einrichtung. Bad W\u00f6rishofen \u2013 Dieses au\u00dfergew\u00f6hnliche Jubil\u00e4um lie\u00dfen sich Einrichtungsleiter Rico Thumeyer und B\u00fcrgermeister Stefan Welzel nicht entgehen und \u00fcberbrachten der Jubilarin pers\u00f6nlich ihre Gl\u00fcckw\u00fcnsche. Geboren wurde [&hellip;]<\/p>\n","protected":false},"author":1,"featured_media":0,"comment_status":"closed","ping_status":"closed","sticky":false,"template":"","format":"standard","meta":{"_et_pb_use_builder":"on","_et_pb_old_content":"","_et_gb_content_width":"1080","footnotes":""},"categories":[9],"tags":[],"class_list":["post-662","post","type-post","status-publish","format-standard","hentry","category-news"],"_links":{"self":[{"href":"https:\/\/www.seniorenheime-unterallgaeu.de\/bad-woerishofen\/wp-json\/wp\/v2\/posts\/662","targetHints":{"allow":["GET"]}}],"collection":[{"href":"https:\/\/www.seniorenheime-unterallgaeu.de\/bad-woerishofen\/wp-json\/wp\/v2\/posts"}],"about":[{"href":"https:\/\/www.seniorenheime-unterallgaeu.de\/bad-woerishofen\/wp-json\/wp\/v2\/types\/post"}],"author":[{"embeddable":true,"href":"https:\/\/www.seniorenheime-unterallgaeu.de\/bad-woerishofen\/wp-json\/wp\/v2\/users\/1"}],"replies":[{"embeddable":true,"href":"https:\/\/www.seniorenheime-unterallgaeu.de\/bad-woerishofen\/wp-json\/wp\/v2\/comments?post=662"}],"version-history":[{"count":3,"href":"https:\/\/www.seniorenheime-unterallgaeu.de\/bad-woerishofen\/wp-json\/wp\/v2\/posts\/662\/revisions"}],"predecessor-version":[{"id":667,"href":"https:\/\/www.seniorenheime-unterallgaeu.de\/bad-woerishofen\/wp-json\/wp\/v2\/posts\/662\/revisions\/667"}],"wp:attachment":[{"href":"https:\/\/www.seniorenheime-unterallgaeu.de\/bad-woerishofen\/wp-json\/wp\/v2\/media?parent=662"}],"wp:term":[{"taxonomy":"category","embeddable":true,"href":"https:\/\/www.seniorenheime-unterallgaeu.de\/bad-woerishofen\/wp-json\/wp\/v2\/categories?post=662"},{"taxonomy":"post_tag","embeddable":true,"href":"https:\/\/www.seniorenheime-unterallgaeu.de\/bad-woerishofen\/wp-json\/wp\/v2\/tags?post=662"}],"curies":[{"name":"wp","href":"https:\/\/api.w.org\/{rel}","templated":true}]}}