{"id":577,"date":"2026-01-08T20:24:40","date_gmt":"2026-01-08T19:24:40","guid":{"rendered":"https:\/\/www.seniorenheime-unterallgaeu.de\/tuerkheim\/?p=577"},"modified":"2026-03-27T07:15:31","modified_gmt":"2026-03-27T06:15:31","slug":"besuch-der-heiligen-drei-koenige","status":"publish","type":"post","link":"https:\/\/www.seniorenheime-unterallgaeu.de\/tuerkheim\/blog\/besuch-der-heiligen-drei-koenige\/","title":{"rendered":"Besuch der Heiligen Drei K\u00f6nige"},"content":{"rendered":"\n[et_pb_section fb_built=&#8220;1&#8243; theme_builder_area=&#8220;post_content&#8220; _builder_version=&#8220;4.27.5&#8243; _module_preset=&#8220;default&#8220;][et_pb_row _builder_version=&#8220;4.27.5&#8243; _module_preset=&#8220;default&#8220; theme_builder_area=&#8220;post_content&#8220;][et_pb_column _builder_version=&#8220;4.27.5&#8243; _module_preset=&#8220;default&#8220; type=&#8220;4_4&#8243; theme_builder_area=&#8220;post_content&#8220;][et_pb_text _builder_version=&#8220;4.27.5&#8243; _module_preset=&#8220;default&#8220; theme_builder_area=&#8220;post_content&#8220; text_font_size=&#8220;18px&#8220; hover_enabled=&#8220;0&#8243; sticky_enabled=&#8220;0&#8243;]<p style=\"font-weight: 400;\">Am Sonntag, den 04.01.2026 besuchten die Heiligen Drei K\u00f6nige das Kreis-Seniorenwohnheim St. Martin in T\u00fcrkheim.<\/p>\n<p style=\"font-weight: 400;\">Mit ihren musikalischen Einlagen erfreute die Familie Mayer-G\u00fcnther die Bewohner und die Mitarbeiter des Seniorenwohnheims.<\/p>[\/et_pb_text][\/et_pb_column][\/et_pb_row][et_pb_row _builder_version=&#8220;4.27.5&#8243; _module_preset=&#8220;default&#8220; column_structure=&#8220;1_3,1_3,1_3&#8243; theme_builder_area=&#8220;post_content&#8220; hover_enabled=&#8220;0&#8243; sticky_enabled=&#8220;0&#8243;][et_pb_column _builder_version=&#8220;4.27.5&#8243; _module_preset=&#8220;default&#8220; type=&#8220;1_3&#8243; theme_builder_area=&#8220;post_content&#8220;][et_pb_image src=&#8220;https:\/\/www.seniorenheime-unterallgaeu.de\/tuerkheim\/wp-content\/uploads\/sites\/7\/2026\/01\/1000020982.jpg&#8220; _builder_version=&#8220;4.27.5&#8243; _module_preset=&#8220;default&#8220; theme_builder_area=&#8220;post_content&#8220; title_text=&#8220;1000020982&#8243; hover_enabled=&#8220;0&#8243; sticky_enabled=&#8220;0&#8243;][\/et_pb_image][\/et_pb_column][et_pb_column _builder_version=&#8220;4.27.5&#8243; _module_preset=&#8220;default&#8220; type=&#8220;1_3&#8243; theme_builder_area=&#8220;post_content&#8220;][et_pb_image src=&#8220;https:\/\/www.seniorenheime-unterallgaeu.de\/tuerkheim\/wp-content\/uploads\/sites\/7\/2026\/01\/1000020976.jpg&#8220; _builder_version=&#8220;4.27.5&#8243; _module_preset=&#8220;default&#8220; theme_builder_area=&#8220;post_content&#8220; hover_enabled=&#8220;0&#8243; sticky_enabled=&#8220;0&#8243; title_text=&#8220;1000020976&#8243;][\/et_pb_image][\/et_pb_column][et_pb_column _builder_version=&#8220;4.27.5&#8243; _module_preset=&#8220;default&#8220; type=&#8220;1_3&#8243; theme_builder_area=&#8220;post_content&#8220;][et_pb_image src=&#8220;https:\/\/www.seniorenheime-unterallgaeu.de\/tuerkheim\/wp-content\/uploads\/sites\/7\/2026\/01\/1000020979.jpg&#8220; _builder_version=&#8220;4.27.5&#8243; _module_preset=&#8220;default&#8220; theme_builder_area=&#8220;post_content&#8220; title_text=&#8220;1000020979&#8243; hover_enabled=&#8220;0&#8243; sticky_enabled=&#8220;0&#8243;][\/et_pb_image][\/et_pb_column][\/et_pb_row][\/et_pb_section]\n","protected":false},"excerpt":{"rendered":"<p>Am Sonntag, den 04.01.2026 besuchten die Heiligen Drei K\u00f6nige das Kreis-Seniorenwohnheim St. Martin in T\u00fcrkheim. Mit ihren musikalischen Einlagen erfreute die Familie Mayer-G\u00fcnther die Bewohner und die Mitarbeiter des Seniorenwohnheims.<\/p>\n","protected":false},"author":1,"featured_media":0,"comment_status":"closed","ping_status":"closed","sticky":false,"template":"","format":"standard","meta":{"_et_pb_use_builder":"on","_et_pb_old_content":"","_et_gb_content_width":"1080","footnotes":""},"categories":[1],"tags":[],"class_list":["post-577","post","type-post","status-publish","format-standard","hentry","category-uncategorized"],"_links":{"self":[{"href":"https:\/\/www.seniorenheime-unterallgaeu.de\/tuerkheim\/wp-json\/wp\/v2\/posts\/577","targetHints":{"allow":["GET"]}}],"collection":[{"href":"https:\/\/www.seniorenheime-unterallgaeu.de\/tuerkheim\/wp-json\/wp\/v2\/posts"}],"about":[{"href":"https:\/\/www.seniorenheime-unterallgaeu.de\/tuerkheim\/wp-json\/wp\/v2\/types\/post"}],"author":[{"embeddable":true,"href":"https:\/\/www.seniorenheime-unterallgaeu.de\/tuerkheim\/wp-json\/wp\/v2\/users\/1"}],"replies":[{"embeddable":true,"href":"https:\/\/www.seniorenheime-unterallgaeu.de\/tuerkheim\/wp-json\/wp\/v2\/comments?post=577"}],"version-history":[{"count":4,"href":"https:\/\/www.seniorenheime-unterallgaeu.de\/tuerkheim\/wp-json\/wp\/v2\/posts\/577\/revisions"}],"predecessor-version":[{"id":649,"href":"https:\/\/www.seniorenheime-unterallgaeu.de\/tuerkheim\/wp-json\/wp\/v2\/posts\/577\/revisions\/649"}],"wp:attachment":[{"href":"https:\/\/www.seniorenheime-unterallgaeu.de\/tuerkheim\/wp-json\/wp\/v2\/media?parent=577"}],"wp:term":[{"taxonomy":"category","embeddable":true,"href":"https:\/\/www.seniorenheime-unterallgaeu.de\/tuerkheim\/wp-json\/wp\/v2\/categories?post=577"},{"taxonomy":"post_tag","embeddable":true,"href":"https:\/\/www.seniorenheime-unterallgaeu.de\/tuerkheim\/wp-json\/wp\/v2\/tags?post=577"}],"curies":[{"name":"wp","href":"https:\/\/api.w.org\/{rel}","templated":true}]}}