{"id":680,"date":"2026-04-02T11:08:41","date_gmt":"2026-04-02T10:08:41","guid":{"rendered":"https:\/\/www.seniorenheime-unterallgaeu.de\/tuerkheim\/?p=680"},"modified":"2026-04-02T11:12:25","modified_gmt":"2026-04-02T10:12:25","slug":"baeuerinnenchor-am-01-04-2026-in-tuerkheim","status":"publish","type":"post","link":"https:\/\/www.seniorenheime-unterallgaeu.de\/tuerkheim\/blog\/baeuerinnenchor-am-01-04-2026-in-tuerkheim\/","title":{"rendered":"B\u00e4uerinnenchor am 01.04.2026 in T\u00fcrkheim"},"content":{"rendered":"<p>[et_pb_section fb_built=&#8220;1&#8243; _builder_version=&#8220;4.27.5&#8243; _module_preset=&#8220;default&#8220; global_colors_info=&#8220;{}&#8220;][et_pb_row _builder_version=&#8220;4.27.5&#8243; _module_preset=&#8220;default&#8220; global_colors_info=&#8220;{}&#8220;][et_pb_column type=&#8220;4_4&#8243; _builder_version=&#8220;4.27.5&#8243; _module_preset=&#8220;default&#8220; global_colors_info=&#8220;{}&#8220;][et_pb_text _builder_version=&#8220;4.27.6&#8243; _module_preset=&#8220;default&#8220; text_font_size=&#8220;18px&#8220; hover_enabled=&#8220;0&#8243; global_colors_info=&#8220;{}&#8220; sticky_enabled=&#8220;0&#8243;]<\/p>\n<p style=\"font-weight: 400;\">Mittwoch, 01. April 2026 &#8222;Kein Aprilscherz&#8220;<\/p>\n<p style=\"font-weight: 400;\">\u00a0<\/p>\n<p style=\"font-weight: 400;\">F\u00fcr einen Nachmittag voller Guter Laune sorgte der Unterallg\u00e4uer B\u00e4uerinnenchor unter der Leitung von Sanni Risch bei den Bewohnerinnen und Bewohnern des Kreis-Seniorenwohnheimes St. Martin in T\u00fcrkheim. Bei Kaffee und Kuchen moderierte Irmgard Maier mit ihrer bekannt humorvollen Art kurzweilig durch das Programm und animierte dabei die Bewohnerinnen und Bewohner zum Mitsingen der bekannten Volkslieder.<\/p>\n<p>[\/et_pb_text][\/et_pb_column][\/et_pb_row][et_pb_row column_structure=&#8220;1_3,1_3,1_3&#8243; _builder_version=&#8220;4.27.5&#8243; _module_preset=&#8220;default&#8220; global_colors_info=&#8220;{}&#8220;][et_pb_column type=&#8220;1_3&#8243; _builder_version=&#8220;4.27.5&#8243; _module_preset=&#8220;default&#8220; global_colors_info=&#8220;{}&#8220;][et_pb_image src=&#8220;https:\/\/www.seniorenheime-unterallgaeu.de\/tuerkheim\/wp-content\/uploads\/sites\/7\/2026\/04\/7adad526-0351-4107-91d8-a7683392fae1_Baeuerinnenchor-9.jpg&#8220; title_text=&#8220;7adad526-0351-4107-91d8-a7683392fae1_B\u00e4uerinnenchor-(9)&#8220; _builder_version=&#8220;4.27.6&#8243; _module_preset=&#8220;default&#8220; hover_enabled=&#8220;0&#8243; global_colors_info=&#8220;{}&#8220; sticky_enabled=&#8220;0&#8243;][\/et_pb_image][\/et_pb_column][et_pb_column type=&#8220;1_3&#8243; _builder_version=&#8220;4.27.5&#8243; _module_preset=&#8220;default&#8220; global_colors_info=&#8220;{}&#8220;][et_pb_image src=&#8220;https:\/\/www.seniorenheime-unterallgaeu.de\/tuerkheim\/wp-content\/uploads\/sites\/7\/2026\/04\/05cc4f9e-cf46-4837-ab60-faad012bdb32_15526.jpg&#8220; title_text=&#8220;05cc4f9e-cf46-4837-ab60-faad012bdb32_15526&#8243; _builder_version=&#8220;4.27.6&#8243; _module_preset=&#8220;default&#8220; hover_enabled=&#8220;0&#8243; global_colors_info=&#8220;{}&#8220; sticky_enabled=&#8220;0&#8243;][\/et_pb_image][\/et_pb_column][et_pb_column type=&#8220;1_3&#8243; _builder_version=&#8220;4.27.5&#8243; _module_preset=&#8220;default&#8220; global_colors_info=&#8220;{}&#8220;][et_pb_image src=&#8220;https:\/\/www.seniorenheime-unterallgaeu.de\/tuerkheim\/wp-content\/uploads\/sites\/7\/2026\/04\/46d1c9fe-ef57-44ba-89d3-6730b3eb4ae1_Baeuerinnenchor-5.jpg&#8220; title_text=&#8220;46d1c9fe-ef57-44ba-89d3-6730b3eb4ae1_B\u00e4uerinnenchor-(5)&#8220; _builder_version=&#8220;4.27.6&#8243; _module_preset=&#8220;default&#8220; hover_enabled=&#8220;0&#8243; global_colors_info=&#8220;{}&#8220; sticky_enabled=&#8220;0&#8243;][\/et_pb_image][\/et_pb_column][\/et_pb_row][\/et_pb_section]<\/p>\n","protected":false},"excerpt":{"rendered":"<p>Mittwoch, 01. April 2026 &#8222;Kein Aprilscherz&#8220; \u00a0 F\u00fcr einen Nachmittag voller Guter Laune sorgte der Unterallg\u00e4uer B\u00e4uerinnenchor unter der Leitung von Sanni Risch bei den Bewohnerinnen und Bewohnern des Kreis-Seniorenwohnheimes St. Martin in T\u00fcrkheim. Bei Kaffee und Kuchen moderierte Irmgard Maier mit ihrer bekannt humorvollen Art kurzweilig durch das Programm und animierte dabei die Bewohnerinnen [&hellip;]<\/p>\n","protected":false},"author":1,"featured_media":0,"comment_status":"closed","ping_status":"closed","sticky":false,"template":"","format":"standard","meta":{"_et_pb_use_builder":"on","_et_pb_old_content":"","_et_gb_content_width":"1080","footnotes":""},"categories":[9],"tags":[],"class_list":["post-680","post","type-post","status-publish","format-standard","hentry","category-news"],"_links":{"self":[{"href":"https:\/\/www.seniorenheime-unterallgaeu.de\/tuerkheim\/wp-json\/wp\/v2\/posts\/680","targetHints":{"allow":["GET"]}}],"collection":[{"href":"https:\/\/www.seniorenheime-unterallgaeu.de\/tuerkheim\/wp-json\/wp\/v2\/posts"}],"about":[{"href":"https:\/\/www.seniorenheime-unterallgaeu.de\/tuerkheim\/wp-json\/wp\/v2\/types\/post"}],"author":[{"embeddable":true,"href":"https:\/\/www.seniorenheime-unterallgaeu.de\/tuerkheim\/wp-json\/wp\/v2\/users\/1"}],"replies":[{"embeddable":true,"href":"https:\/\/www.seniorenheime-unterallgaeu.de\/tuerkheim\/wp-json\/wp\/v2\/comments?post=680"}],"version-history":[{"count":2,"href":"https:\/\/www.seniorenheime-unterallgaeu.de\/tuerkheim\/wp-json\/wp\/v2\/posts\/680\/revisions"}],"predecessor-version":[{"id":687,"href":"https:\/\/www.seniorenheime-unterallgaeu.de\/tuerkheim\/wp-json\/wp\/v2\/posts\/680\/revisions\/687"}],"wp:attachment":[{"href":"https:\/\/www.seniorenheime-unterallgaeu.de\/tuerkheim\/wp-json\/wp\/v2\/media?parent=680"}],"wp:term":[{"taxonomy":"category","embeddable":true,"href":"https:\/\/www.seniorenheime-unterallgaeu.de\/tuerkheim\/wp-json\/wp\/v2\/categories?post=680"},{"taxonomy":"post_tag","embeddable":true,"href":"https:\/\/www.seniorenheime-unterallgaeu.de\/tuerkheim\/wp-json\/wp\/v2\/tags?post=680"}],"curies":[{"name":"wp","href":"https:\/\/api.w.org\/{rel}","templated":true}]}}