{"id":694,"date":"2026-04-21T06:52:58","date_gmt":"2026-04-21T05:52:58","guid":{"rendered":"https:\/\/www.seniorenheime-unterallgaeu.de\/tuerkheim\/?p=694"},"modified":"2026-04-21T06:54:58","modified_gmt":"2026-04-21T05:54:58","slug":"wollspenden-erbeten","status":"publish","type":"post","link":"https:\/\/www.seniorenheime-unterallgaeu.de\/tuerkheim\/blog\/wollspenden-erbeten\/","title":{"rendered":"Wollspenden erbeten"},"content":{"rendered":"<p>[et_pb_section fb_built=&#8220;1&#8243; _builder_version=&#8220;4.27.5&#8243; _module_preset=&#8220;default&#8220; global_colors_info=&#8220;{}&#8220;][et_pb_row _builder_version=&#8220;4.27.5&#8243; _module_preset=&#8220;default&#8220; global_colors_info=&#8220;{}&#8220;][et_pb_column type=&#8220;4_4&#8243; _builder_version=&#8220;4.27.5&#8243; _module_preset=&#8220;default&#8220; global_colors_info=&#8220;{}&#8220;][et_pb_text _builder_version=&#8220;4.27.6&#8243; _module_preset=&#8220;default&#8220; text_font_size=&#8220;18px&#8220; hover_enabled=&#8220;0&#8243; global_colors_info=&#8220;{}&#8220; sticky_enabled=&#8220;0&#8243;]<\/p>\n<p style=\"font-weight: 400;\"><em>Unsere flei\u00dfigen ehrenamtlichen Strickerinnen suchen Wollspenden f\u00fcr die regelm\u00e4\u00dfig stattfindenden Stricknachmittage.<\/em><\/p>\n<p style=\"font-weight: 400;\"><em>Sollten Sie zu Hause Wolle haben, die nicht mehr ben\u00f6tigt wird, dann bringen Sie diese einfach uns.<\/em><\/p>\n<p style=\"font-weight: 400;\"><em>Unsere Strickerinnen sind um jeden Kn\u00e4uel dankbar!<\/em><\/p>\n<p style=\"font-weight: 400;\"><em>Die Wolle kann in der Verwaltung des Kreis-Seniorenwohnheims St. Martin in T\u00fcrkheim abgegeben werden.<\/em><\/p>\n<p style=\"font-weight: 400;\"><em>Vielen Dank!<\/em><\/p>\n<p>[\/et_pb_text][\/et_pb_column][\/et_pb_row][et_pb_row _builder_version=&#8220;4.27.5&#8243; _module_preset=&#8220;default&#8220; global_colors_info=&#8220;{}&#8220;][et_pb_column type=&#8220;4_4&#8243; _builder_version=&#8220;4.27.5&#8243; _module_preset=&#8220;default&#8220; global_colors_info=&#8220;{}&#8220;][et_pb_image src=&#8220;https:\/\/www.seniorenheime-unterallgaeu.de\/tuerkheim\/wp-content\/uploads\/sites\/7\/2026\/04\/Strickerinnen.jpg&#8220; title_text=&#8220;Strickerinnen&#8220; _builder_version=&#8220;4.27.6&#8243; _module_preset=&#8220;default&#8220; hover_enabled=&#8220;0&#8243; global_colors_info=&#8220;{}&#8220; sticky_enabled=&#8220;0&#8243;][\/et_pb_image][\/et_pb_column][\/et_pb_row][\/et_pb_section]<\/p>\n","protected":false},"excerpt":{"rendered":"<p>Unsere flei\u00dfigen ehrenamtlichen Strickerinnen suchen Wollspenden f\u00fcr die regelm\u00e4\u00dfig stattfindenden Stricknachmittage. Sollten Sie zu Hause Wolle haben, die nicht mehr ben\u00f6tigt wird, dann bringen Sie diese einfach uns. Unsere Strickerinnen sind um jeden Kn\u00e4uel dankbar! Die Wolle kann in der Verwaltung des Kreis-Seniorenwohnheims St. Martin in T\u00fcrkheim abgegeben werden. Vielen Dank!<\/p>\n","protected":false},"author":1,"featured_media":0,"comment_status":"closed","ping_status":"closed","sticky":false,"template":"","format":"standard","meta":{"_et_pb_use_builder":"on","_et_pb_old_content":"","_et_gb_content_width":"1080","footnotes":""},"categories":[9],"tags":[],"class_list":["post-694","post","type-post","status-publish","format-standard","hentry","category-news"],"_links":{"self":[{"href":"https:\/\/www.seniorenheime-unterallgaeu.de\/tuerkheim\/wp-json\/wp\/v2\/posts\/694","targetHints":{"allow":["GET"]}}],"collection":[{"href":"https:\/\/www.seniorenheime-unterallgaeu.de\/tuerkheim\/wp-json\/wp\/v2\/posts"}],"about":[{"href":"https:\/\/www.seniorenheime-unterallgaeu.de\/tuerkheim\/wp-json\/wp\/v2\/types\/post"}],"author":[{"embeddable":true,"href":"https:\/\/www.seniorenheime-unterallgaeu.de\/tuerkheim\/wp-json\/wp\/v2\/users\/1"}],"replies":[{"embeddable":true,"href":"https:\/\/www.seniorenheime-unterallgaeu.de\/tuerkheim\/wp-json\/wp\/v2\/comments?post=694"}],"version-history":[{"count":2,"href":"https:\/\/www.seniorenheime-unterallgaeu.de\/tuerkheim\/wp-json\/wp\/v2\/posts\/694\/revisions"}],"predecessor-version":[{"id":698,"href":"https:\/\/www.seniorenheime-unterallgaeu.de\/tuerkheim\/wp-json\/wp\/v2\/posts\/694\/revisions\/698"}],"wp:attachment":[{"href":"https:\/\/www.seniorenheime-unterallgaeu.de\/tuerkheim\/wp-json\/wp\/v2\/media?parent=694"}],"wp:term":[{"taxonomy":"category","embeddable":true,"href":"https:\/\/www.seniorenheime-unterallgaeu.de\/tuerkheim\/wp-json\/wp\/v2\/categories?post=694"},{"taxonomy":"post_tag","embeddable":true,"href":"https:\/\/www.seniorenheime-unterallgaeu.de\/tuerkheim\/wp-json\/wp\/v2\/tags?post=694"}],"curies":[{"name":"wp","href":"https:\/\/api.w.org\/{rel}","templated":true}]}}