{"id":700,"date":"2026-04-23T08:45:33","date_gmt":"2026-04-23T07:45:33","guid":{"rendered":"https:\/\/www.seniorenheime-unterallgaeu.de\/tuerkheim\/?p=700"},"modified":"2026-04-23T08:47:57","modified_gmt":"2026-04-23T07:47:57","slug":"hoigata-mit-harfe-am-22-04-2026","status":"publish","type":"post","link":"https:\/\/www.seniorenheime-unterallgaeu.de\/tuerkheim\/blog\/hoigata-mit-harfe-am-22-04-2026\/","title":{"rendered":"&#8222;Hoigata&#8220; mit Harfe am 22.04.2026"},"content":{"rendered":"<p>[et_pb_section fb_built=&#8220;1&#8243; _builder_version=&#8220;4.27.5&#8243; _module_preset=&#8220;default&#8220; global_colors_info=&#8220;{}&#8220;][et_pb_row _builder_version=&#8220;4.27.5&#8243; _module_preset=&#8220;default&#8220; global_colors_info=&#8220;{}&#8220;][et_pb_column type=&#8220;4_4&#8243; _builder_version=&#8220;4.27.5&#8243; _module_preset=&#8220;default&#8220; global_colors_info=&#8220;{}&#8220;][et_pb_text _builder_version=&#8220;4.27.6&#8243; _module_preset=&#8220;default&#8220; text_font_size=&#8220;18px&#8220; hover_enabled=&#8220;0&#8243; global_colors_info=&#8220;{}&#8220; sticky_enabled=&#8220;0&#8243;]<\/p>\n<p style=\"font-weight: 400;\">Fr\u00fchlingsgeschichten untermalt von Harfenkl\u00e4ngen bekannter Lieder animierten die Bewohnerinnen und Bewohner zum kr\u00e4ftigen Mitsingen.<\/p>\n<p style=\"font-weight: 400;\">Bei Kaffee und Kuchen sorgte Familie Horn gekonnt mit ihrer Darbietung f\u00fcr eine fr\u00f6hliche Nachmittagsstunde im Kreis-Seniorenwohnheim St. Martin.<\/p>\n<p style=\"font-weight: 400;\">Die Bewohnerinnen und Bewohner freuen sich jetzt schon auf die Fortsetzung der Harfenkl\u00e4nge verpackt in Sommergeschichten, die am 29. Juli stattfindet.<\/p>\n<p>[\/et_pb_text][\/et_pb_column][\/et_pb_row][et_pb_row _builder_version=&#8220;4.27.5&#8243; _module_preset=&#8220;default&#8220; global_colors_info=&#8220;{}&#8220; column_structure=&#8220;1_3,1_3,1_3&#8243;][et_pb_column type=&#8220;1_3&#8243; _builder_version=&#8220;4.27.5&#8243; _module_preset=&#8220;default&#8220; global_colors_info=&#8220;{}&#8220;][et_pb_image src=&#8220;https:\/\/www.seniorenheime-unterallgaeu.de\/tuerkheim\/wp-content\/uploads\/sites\/7\/2026\/04\/371cdbc6-9c9c-4ac9-9ba1-686e3c1a1de8_1000024492.jpg&#8220; title_text=&#8220;371cdbc6-9c9c-4ac9-9ba1-686e3c1a1de8_1000024492&#8243; _builder_version=&#8220;4.27.6&#8243; _module_preset=&#8220;default&#8220; hover_enabled=&#8220;0&#8243; global_colors_info=&#8220;{}&#8220; sticky_enabled=&#8220;0&#8243;][\/et_pb_image][\/et_pb_column][et_pb_column type=&#8220;1_3&#8243; _builder_version=&#8220;4.27.5&#8243; _module_preset=&#8220;default&#8220; global_colors_info=&#8220;{}&#8220;][et_pb_image src=&#8220;https:\/\/www.seniorenheime-unterallgaeu.de\/tuerkheim\/wp-content\/uploads\/sites\/7\/2026\/04\/bd408c6f-0521-4de5-b783-cace6be9dae2_1000024495.jpg&#8220; _builder_version=&#8220;4.27.6&#8243; _module_preset=&#8220;default&#8220; title_text=&#8220;bd408c6f-0521-4de5-b783-cace6be9dae2_1000024495&#8243; hover_enabled=&#8220;0&#8243; sticky_enabled=&#8220;0&#8243;][\/et_pb_image][\/et_pb_column][et_pb_column type=&#8220;1_3&#8243; _builder_version=&#8220;4.27.5&#8243; _module_preset=&#8220;default&#8220; global_colors_info=&#8220;{}&#8220;][et_pb_image src=&#8220;https:\/\/www.seniorenheime-unterallgaeu.de\/tuerkheim\/wp-content\/uploads\/sites\/7\/2026\/04\/be03c93c-7d9f-4667-bf14-dcedbca189e6_1000024494.jpg&#8220; _builder_version=&#8220;4.27.6&#8243; _module_preset=&#8220;default&#8220; title_text=&#8220;be03c93c-7d9f-4667-bf14-dcedbca189e6_1000024494&#8243; hover_enabled=&#8220;0&#8243; sticky_enabled=&#8220;0&#8243;][\/et_pb_image][\/et_pb_column][\/et_pb_row][\/et_pb_section]<\/p>\n","protected":false},"excerpt":{"rendered":"<p>Fr\u00fchlingsgeschichten untermalt von Harfenkl\u00e4ngen bekannter Lieder animierten die Bewohnerinnen und Bewohner zum kr\u00e4ftigen Mitsingen. Bei Kaffee und Kuchen sorgte Familie Horn gekonnt mit ihrer Darbietung f\u00fcr eine fr\u00f6hliche Nachmittagsstunde im Kreis-Seniorenwohnheim St. Martin. Die Bewohnerinnen und Bewohner freuen sich jetzt schon auf die Fortsetzung der Harfenkl\u00e4nge verpackt in Sommergeschichten, die am 29. Juli stattfindet.<\/p>\n","protected":false},"author":1,"featured_media":0,"comment_status":"closed","ping_status":"closed","sticky":false,"template":"","format":"standard","meta":{"_et_pb_use_builder":"on","_et_pb_old_content":"","_et_gb_content_width":"1080","footnotes":""},"categories":[9],"tags":[],"class_list":["post-700","post","type-post","status-publish","format-standard","hentry","category-news"],"_links":{"self":[{"href":"https:\/\/www.seniorenheime-unterallgaeu.de\/tuerkheim\/wp-json\/wp\/v2\/posts\/700","targetHints":{"allow":["GET"]}}],"collection":[{"href":"https:\/\/www.seniorenheime-unterallgaeu.de\/tuerkheim\/wp-json\/wp\/v2\/posts"}],"about":[{"href":"https:\/\/www.seniorenheime-unterallgaeu.de\/tuerkheim\/wp-json\/wp\/v2\/types\/post"}],"author":[{"embeddable":true,"href":"https:\/\/www.seniorenheime-unterallgaeu.de\/tuerkheim\/wp-json\/wp\/v2\/users\/1"}],"replies":[{"embeddable":true,"href":"https:\/\/www.seniorenheime-unterallgaeu.de\/tuerkheim\/wp-json\/wp\/v2\/comments?post=700"}],"version-history":[{"count":2,"href":"https:\/\/www.seniorenheime-unterallgaeu.de\/tuerkheim\/wp-json\/wp\/v2\/posts\/700\/revisions"}],"predecessor-version":[{"id":706,"href":"https:\/\/www.seniorenheime-unterallgaeu.de\/tuerkheim\/wp-json\/wp\/v2\/posts\/700\/revisions\/706"}],"wp:attachment":[{"href":"https:\/\/www.seniorenheime-unterallgaeu.de\/tuerkheim\/wp-json\/wp\/v2\/media?parent=700"}],"wp:term":[{"taxonomy":"category","embeddable":true,"href":"https:\/\/www.seniorenheime-unterallgaeu.de\/tuerkheim\/wp-json\/wp\/v2\/categories?post=700"},{"taxonomy":"post_tag","embeddable":true,"href":"https:\/\/www.seniorenheime-unterallgaeu.de\/tuerkheim\/wp-json\/wp\/v2\/tags?post=700"}],"curies":[{"name":"wp","href":"https:\/\/api.w.org\/{rel}","templated":true}]}}